{"id":11454,"date":"2026-02-18T02:20:23","date_gmt":"2026-02-18T01:20:23","guid":{"rendered":"https:\/\/ceresio5valli.it\/?p=11454"},"modified":"2026-02-18T13:27:35","modified_gmt":"2026-02-18T12:27:35","slug":"cosa-vedere-porlezza-dintorni-luoghi-imperdibili","status":"publish","type":"post","link":"https:\/\/ceresio5valli.it\/fr\/cosa-vedere-porlezza-dintorni-luoghi-imperdibili\/","title":{"rendered":"Que voir \u00e0 Porlezza et dans ses environs\u00a0: 15 lieux incontournables"},"content":{"rendered":"<style>\n.page-header h1.entry-title,\n.page-content h1,\n.entry-header h1,\narticle h1.entry-title,\nh1.entry-title { color: #1B4F72 !important; }\n.page-header { margin-top: 40px; }\n.page-content h2 { margin-top: 50px; padding-top: 30px; border-top: 1px solid #eee; }\n.page-content .wp-block-image img,\n.page-content .wp-block-column img { box-shadow: 0 4px 15px rgba(0,0,0,0.15); border-radius: 8px; }\n.comments-area { margin-top: 60px; padding-top: 40px; border-top: 1px solid #ddd; }\n<\/style>\n\n\n\n<p>Il existe un coin de Lombardie o\u00f9 le lac se niche entre les montagnes et o\u00f9 le temps semble ralentir. <strong>Porlezza et ses environs<\/strong>, surplombant les rives de la <strong>Lac Ceresio<\/strong>, pr\u00e9servent un patrimoine surprenant de villages peints, de grottes anciennes, d&#039;\u00e9glises orn\u00e9es de fresques et de r\u00e9serves naturelles. Si vous vous posez la question <strong>Que voir \u00e0 Porlezza ?<\/strong> Et dans les vall\u00e9es environnantes, ce guide vous emm\u00e8ne \u00e0 la d\u00e9couverte de 15 lieux qui valent vraiment le d\u00e9tour.<\/p>\n\n\n\n<h2 class=\"wp-block-heading\" style=\"color:#27ae60\">Villages et hameaux \u00e0 ne pas manquer<\/h2>\n\n\n\n<h3 class=\"wp-block-heading\">1. Le village peint de Claino<\/h3>\n\n\n\n<figure class=\"wp-block-image size-large\" style=\"max-height:450px;overflow:hidden\"><img fetchpriority=\"high\" decoding=\"async\" width=\"600\" height=\"450\" src=\"https:\/\/ceresio5valli.it\/wp-content\/uploads\/2026\/01\/borgo-claino-galleria-01.jpg\" alt=\"Murales nel Borgo Dipinto di Claino con Osteno, Lago Ceresio\" class=\"wp-image-239\" style=\"width:100%;height:450px;object-fit:cover\" srcset=\"https:\/\/ceresio5valli.it\/wp-content\/uploads\/2026\/01\/borgo-claino-galleria-01.jpg 600w, https:\/\/ceresio5valli.it\/wp-content\/uploads\/2026\/01\/borgo-claino-galleria-01-300x225.jpg 300w, https:\/\/ceresio5valli.it\/wp-content\/uploads\/2026\/01\/borgo-claino-galleria-01-400x300.jpg 400w\" sizes=\"(max-width: 600px) 100vw, 600px\" \/><figcaption>Les fresques du Village Peint de Claino racontent l&#039;histoire locale<\/figcaption><\/figure>\n\n\n\n<p>\u00c0 quelques kilom\u00e8tres de Porlezza, <a href=\"\/fr\/poi\/borgo-dipinto-di-claino\/\">Village peint de Claino<\/a> C&#039;est un v\u00e9ritable mus\u00e9e \u00e0 ciel ouvert. En fl\u00e2nant dans les ruelles \u00e9troites de cet ancien village m\u00e9di\u00e9val surplombant le lac, vous d\u00e9couvrirez des dizaines de fresques qui racontent l&#039;histoire, l&#039;artisanat et les l\u00e9gendes de la r\u00e9gion. Ce projet, lanc\u00e9 en 2015 par quelques habitants, a transform\u00e9 les fa\u00e7ades des maisons en une galerie d&#039;art ouverte au public toute l&#039;ann\u00e9e et gratuite. Pr\u00e9voyez au moins une heure pour parcourir les ruelles et d\u00e9nicher toutes les \u0153uvres cach\u00e9es.<\/p>\n\n\n\n<h3 class=\"wp-block-heading\">2. Valsolda et ses hameaux<\/h3>\n\n\n\n<figure class=\"wp-block-image size-large\" style=\"max-height:450px;overflow:hidden\"><img decoding=\"async\" width=\"1182\" height=\"540\" src=\"https:\/\/ceresio5valli.it\/wp-content\/uploads\/2026\/01\/5326803E-0A9F-4BD7-B8C8-B6BB529784E2_1_105_c-1182x540-1.jpeg\" alt=\"Valsolda e le sue frazioni affacciate sul Lago Ceresio\" class=\"wp-image-62\" style=\"width:100%;height:450px;object-fit:cover\" srcset=\"https:\/\/ceresio5valli.it\/wp-content\/uploads\/2026\/01\/5326803E-0A9F-4BD7-B8C8-B6BB529784E2_1_105_c-1182x540-1.jpeg 1182w, https:\/\/ceresio5valli.it\/wp-content\/uploads\/2026\/01\/5326803E-0A9F-4BD7-B8C8-B6BB529784E2_1_105_c-1182x540-1-300x137.jpeg 300w, https:\/\/ceresio5valli.it\/wp-content\/uploads\/2026\/01\/5326803E-0A9F-4BD7-B8C8-B6BB529784E2_1_105_c-1182x540-1-1024x468.jpeg 1024w, https:\/\/ceresio5valli.it\/wp-content\/uploads\/2026\/01\/5326803E-0A9F-4BD7-B8C8-B6BB529784E2_1_105_c-1182x540-1-768x351.jpeg 768w\" sizes=\"(max-width: 1182px) 100vw, 1182px\" \/><figcaption>Les hameaux de Valsolda surplombent le lac Ceresio<\/figcaption><\/figure>\n\n\n\n<p>Valsolda est une commune dispers\u00e9e, compos\u00e9e de petits hameaux accroch\u00e9s \u00e0 la montagne, chacun avec son propre caract\u00e8re. <a href=\"\/fr\/percorsi\/valsolda-tour-delle-frazioni\/\">Visite des hameaux<\/a> C&#039;est une promenade facile d&#039;environ 8 km qui traverse les villages d&#039;Oria, San Mamete, Castello, Loggio et d&#039;autres encore, offrant des vues imprenables sur le lac et la Suisse de l&#039;autre c\u00f4t\u00e9. Antonio Fogazzaro a situ\u00e9 son roman le plus c\u00e9l\u00e8bre dans cette r\u00e9gion, et en parcourant ces hameaux, vous comprendrez pourquoi.<\/p>\n\n\n\n<h2 class=\"wp-block-heading\" style=\"color:#27ae60\">\u00c9glises et monuments historiques<\/h2>\n\n\n\n<h3 class=\"wp-block-heading\">3. \u00c9glise de San Vittore \u00e0 Porlezza<\/h3>\n\n\n\n<figure class=\"wp-block-image size-large\" style=\"max-height:450px;overflow:hidden\"><img decoding=\"async\" src=\"https:\/\/ceresio5valli.it\/wp-content\/uploads\/2026\/02\/chiesa-san-vittore-porlezza-1.jpg\" alt=\"Chiesa di San Vittore a Porlezza, la pi\u00f9 antica del decanato\" class=\"wp-image-10665\" style=\"width:100%;height:450px;object-fit:cover\"\/><figcaption>La fa\u00e7ade n\u00e9oclassique de l&#039;\u00e9glise San Vittore in Porlezza<\/figcaption><\/figure>\n\n\n\n<p>Parmi les <strong>attractions de Porlezza<\/strong> plus important encore, le <a href=\"\/fr\/poi\/chiesa-di-san-vittore-porlezza\/\">\u00c9glise de San Vittore<\/a> C&#039;est l&#039;\u00e9glise la plus ancienne du doyenn\u00e9, ses origines remontant au Ve si\u00e8cle. Sa fa\u00e7ade n\u00e9oclassique, con\u00e7ue par Pietro Gilardoni da Puria, d\u00e9voile un int\u00e9rieur \u00e9poustouflant\u00a0: des fresques de Giulio Quaglio da Laino, des chapelles lat\u00e9rales richement d\u00e9cor\u00e9es et un ma\u00eetre-autel en bois datant de 1684. Ne manquez pas l&#039;oratoire San Giovanni Battista, qui abrite des fresques du XIVe si\u00e8cle. La visite est gratuite et dure environ 30 minutes.<\/p>\n\n\n\n<h3 class=\"wp-block-heading\">4. Sanctuaire de Caravina<\/h3>\n\n\n\n<figure class=\"wp-block-image size-large\" style=\"max-height:450px;overflow:hidden\"><img decoding=\"async\" src=\"https:\/\/ceresio5valli.it\/wp-content\/uploads\/2026\/02\/DSC_0693-rid.jpg\" alt=\"Santuario Beata Vergine della Caravina a Valsolda\" class=\"wp-image-424\" style=\"width:100%;height:450px;object-fit:cover\"\/><figcaption>Le sanctuaire de la Caravina, dans les bois de Valsolda<\/figcaption><\/figure>\n\n\n\n<p>Dominant le lac, \u00e0 quelques pas du hameau de Cressogno, le <a href=\"\/fr\/poi\/santuario-beata-vergine-della-caravina\/\">Sanctuaire de Caravina<\/a> C&#039;est l&#039;un des lieux les plus \u00e9mouvants de Valsolda. Son histoire remonte \u00e0 1562, date \u00e0 laquelle une image de la Piet\u00e0 en pleurs fut aper\u00e7ue. Charles Borrom\u00e9e lui-m\u00eame confirma le miracle. \u00c0 l&#039;int\u00e9rieur, on peut admirer des fresques baroques d&#039;Isidoro Bianchi et un orgue historique datant de 1675. Accessible \u00e0 pied depuis Cressogno en une vingtaine de minutes, il offre un panorama inoubliable.<\/p>\n\n\n\n<h3 class=\"wp-block-heading\">5. \u00c9glise de San Martino \u00e0 Castello Valsolda<\/h3>\n\n\n\n<figure class=\"wp-block-image size-large\" style=\"max-height:450px;overflow:hidden\"><img decoding=\"async\" width=\"2560\" height=\"1920\" src=\"https:\/\/ceresio5valli.it\/wp-content\/uploads\/2026\/01\/chiesa-san-martino\/chiesa-affreschi-hero.jpeg\" alt=\"Affreschi nella Chiesa di San Martino a Castello Valsolda\" class=\"wp-image-99\" style=\"width:100%;height:450px;object-fit:cover\" srcset=\"https:\/\/ceresio5valli.it\/wp-content\/uploads\/2026\/01\/chiesa-san-martino\/chiesa-affreschi-hero.jpeg 2560w, https:\/\/ceresio5valli.it\/wp-content\/uploads\/2026\/01\/chiesa-san-martino\/chiesa-affreschi-hero-300x225.jpeg 300w, https:\/\/ceresio5valli.it\/wp-content\/uploads\/2026\/01\/chiesa-san-martino\/chiesa-affreschi-hero-1024x768.jpeg 1024w, https:\/\/ceresio5valli.it\/wp-content\/uploads\/2026\/01\/chiesa-san-martino\/chiesa-affreschi-hero-768x576.jpeg 768w, https:\/\/ceresio5valli.it\/wp-content\/uploads\/2026\/01\/chiesa-san-martino\/chiesa-affreschi-hero-1536x1152.jpeg 1536w, https:\/\/ceresio5valli.it\/wp-content\/uploads\/2026\/01\/chiesa-san-martino\/chiesa-affreschi-hero-2048x1536.jpeg 2048w, https:\/\/ceresio5valli.it\/wp-content\/uploads\/2026\/01\/chiesa-san-martino\/chiesa-affreschi-hero-400x300.jpeg 400w, https:\/\/ceresio5valli.it\/wp-content\/uploads\/2026\/01\/chiesa-san-martino\/chiesa-affreschi-hero-800x600.jpeg 800w\" sizes=\"(max-width: 2560px) 100vw, 2560px\" \/><figcaption>Les fresques de l&#039;\u00e9glise San Martino \u00e0 Castello Valsolda<\/figcaption><\/figure>\n\n\n\n<p>Dans le hameau de Castello, le <a href=\"\/fr\/poi\/chiesa-di-san-martino-a-castello\/\">\u00c9glise de San Martino<\/a> La richesse de ses fresques est surprenante. Cette petite \u00e9glise t\u00e9moigne de si\u00e8cles de d\u00e9votion et d&#039;art dans un cadre intime et authentique, loin des foules de touristes. Pour une exp\u00e9rience compl\u00e8te, combinez sa visite avec un tour des hameaux de Valsolda.<\/p>\n\n\n\n<h3 class=\"wp-block-heading\">6. Villa Fogazzaro Roi<\/h3>\n\n\n\n<figure class=\"wp-block-image size-large\" style=\"max-height:450px;overflow:hidden\"><img loading=\"lazy\" decoding=\"async\" width=\"1400\" height=\"650\" src=\"https:\/\/ceresio5valli.it\/wp-content\/uploads\/2026\/01\/villa-hero.jpg\" alt=\"Villa Fogazzaro Roi a Oria, Valsolda, sul Lago Ceresio\" class=\"wp-image-101\" style=\"width:100%;height:450px;object-fit:cover\" srcset=\"https:\/\/ceresio5valli.it\/wp-content\/uploads\/2026\/01\/villa-hero.jpg 1400w, https:\/\/ceresio5valli.it\/wp-content\/uploads\/2026\/01\/villa-hero-300x139.jpg 300w, https:\/\/ceresio5valli.it\/wp-content\/uploads\/2026\/01\/villa-hero-1024x475.jpg 1024w, https:\/\/ceresio5valli.it\/wp-content\/uploads\/2026\/01\/villa-hero-768x357.jpg 768w\" sizes=\"(max-width: 1400px) 100vw, 1400px\" \/><figcaption>Villa Fogazzaro Roi \u00e0 Oria, o\u00f9 est n\u00e9 &quot;Piccolo mondo antico&quot;\u201c<\/figcaption><\/figure>\n\n\n\n<p>Surplombant le lac d&#039;Oria, <a href=\"\/fr\/poi\/villa-fogazzaro-roi\/\">Villa Fogazzaro Roi<\/a> C&#039;est la maison o\u00f9 Antonio Fogazzaro passait ses \u00e9t\u00e9s et o\u00f9 il a situ\u00e9 son c\u00e9l\u00e8bre roman \u201c\u00a0Piccolo Mondo Antico\u00a0\u201d. Propri\u00e9t\u00e9 du FAI (Fonds italien pour le patrimoine national), elle a conserv\u00e9 intacts son mobilier d&#039;origine, la biblioth\u00e8que de l&#039;\u00e9crivain et le jardin qui descend jusqu&#039;au lac. Les visites guid\u00e9es durent environ une heure. Un lieu qui \u00e9voque la litt\u00e9rature, l&#039;histoire et la beaut\u00e9 intemporelle du lac Ceresio.<\/p>\n\n\n\n<h2 class=\"wp-block-heading\" style=\"color:#27ae60\">La nature et les merveilles souterraines<\/h2>\n\n\n\n<h3 class=\"wp-block-heading\">7. Grottes de Rescia<\/h3>\n\n\n\n<div class=\"wp-block-columns is-layout-flex wp-container-core-columns-is-layout-28f84493 wp-block-columns-is-layout-flex\">\n\n<div class=\"wp-block-column is-layout-flow wp-block-column-is-layout-flow\" style=\"flex-basis:40%\">\n\n<figure class=\"wp-block-image size-large\"><img loading=\"lazy\" decoding=\"async\" width=\"673\" height=\"960\" src=\"https:\/\/ceresio5valli.it\/wp-content\/uploads\/2026\/01\/grotte-rescia\/grotte-hero.jpg\" alt=\"Grotte di Rescia illuminate, cosa vedere a Porlezza\" class=\"wp-image-79\" style=\"border-radius:12px\" srcset=\"https:\/\/ceresio5valli.it\/wp-content\/uploads\/2026\/01\/grotte-rescia\/grotte-hero.jpg 673w, https:\/\/ceresio5valli.it\/wp-content\/uploads\/2026\/01\/grotte-rescia\/grotte-hero-210x300.jpg 210w\" sizes=\"(max-width: 673px) 100vw, 673px\" \/><figcaption>Les grottes de Rescia<\/figcaption><\/figure>\n\n<\/div>\n\n\n<div class=\"wp-block-column is-layout-flow wp-block-column-is-layout-flow\" style=\"flex-basis:60%\">\n\n<p>Le <a href=\"\/fr\/poi\/grotte-di-rescia\/\">Grottes de Rescia<\/a> sont peut-\u00eatre l&#039;endroit le plus spectaculaire parmi les <strong>choses \u00e0 voir \u00e0 Porlezza<\/strong>. Un syst\u00e8me de cavit\u00e9s naturelles o\u00f9 stalactites et stalagmites cr\u00e9ent des d\u00e9cors presque irr\u00e9els, illumin\u00e9s par des jeux de lumi\u00e8re qui mettent en valeur les formations rocheuses anciennes.<\/p>\n\n\n<p>La visite guid\u00e9e dure environ 45 minutes et la temp\u00e9rature reste constante toute l&#039;ann\u00e9e\u00a0: id\u00e9ale m\u00eame par temps de pluie ou en plein \u00e9t\u00e9. Convient aux familles avec enfants.<\/p>\n\n<\/div>\n\n<\/div>\n\n\n\n<h3 class=\"wp-block-heading\">8. R\u00e9serve naturelle du lac Piano<\/h3>\n\n\n\n<figure class=\"wp-block-image size-large\" style=\"max-height:450px;overflow:hidden\"><img loading=\"lazy\" decoding=\"async\" width=\"1400\" height=\"650\" src=\"https:\/\/ceresio5valli.it\/wp-content\/uploads\/2026\/01\/lago-piano-hero.jpg\" alt=\"Riserva Naturale Lago di Piano tra Porlezza e Menaggio\" class=\"wp-image-204\" style=\"width:100%;height:450px;object-fit:cover\" srcset=\"https:\/\/ceresio5valli.it\/wp-content\/uploads\/2026\/01\/lago-piano-hero.jpg 1400w, https:\/\/ceresio5valli.it\/wp-content\/uploads\/2026\/01\/lago-piano-hero-300x139.jpg 300w, https:\/\/ceresio5valli.it\/wp-content\/uploads\/2026\/01\/lago-piano-hero-1024x475.jpg 1024w, https:\/\/ceresio5valli.it\/wp-content\/uploads\/2026\/01\/lago-piano-hero-768x357.jpg 768w\" sizes=\"(max-width: 1400px) 100vw, 1400px\" \/><figcaption>La r\u00e9serve naturelle du lac de Piano, une oasis prot\u00e9g\u00e9e entre le lac Lario et le lac Ceresio<\/figcaption><\/figure>\n\n\n\n<p>\u00c0 mi-chemin entre les <strong>Lac Ceresio<\/strong> et le lac de C\u00f4me, le <a href=\"\/fr\/poi\/riserva-naturale-lago-di-piano\/\">R\u00e9serve naturelle du lac Piano<\/a> Il s&#039;agit d&#039;une oasis prot\u00e9g\u00e9e, reconnue par l&#039;Union europ\u00e9enne comme zone sp\u00e9ciale de conservation. Une \u00e9tendue d&#039;eau cristalline entour\u00e9e de roseaux, de prairies humides et de bois o\u00f9 nichent h\u00e9rons, foulques et martins-p\u00eacheurs. <a href=\"\/fr\/percorsi\/visita-alla-riserva-lago-di-piano\/\">circuit circulaire de la r\u00e9serve<\/a> (7 km, facile, environ 2 heures) est id\u00e9al pour les familles et les ornithologues.<\/p>\n\n\n\n<h3 class=\"wp-block-heading\">9. For\u00eat r\u00e9gionale de Valsolda<\/h3>\n\n\n\n<figure class=\"wp-block-image size-large\" style=\"max-height:450px;overflow:hidden\"><img loading=\"lazy\" decoding=\"async\" width=\"1024\" height=\"768\" src=\"https:\/\/ceresio5valli.it\/wp-content\/uploads\/2026\/01\/foresta-valsolda-hero.jpeg\" alt=\"Foresta Regionale Valsolda, natura selvaggia sul Lago Ceresio\" class=\"wp-image-165\" style=\"width:100%;height:450px;object-fit:cover\" srcset=\"https:\/\/ceresio5valli.it\/wp-content\/uploads\/2026\/01\/foresta-valsolda-hero.jpeg 1024w, https:\/\/ceresio5valli.it\/wp-content\/uploads\/2026\/01\/foresta-valsolda-hero-300x225.jpeg 300w, https:\/\/ceresio5valli.it\/wp-content\/uploads\/2026\/01\/foresta-valsolda-hero-768x576.jpeg 768w, https:\/\/ceresio5valli.it\/wp-content\/uploads\/2026\/01\/foresta-valsolda-hero-400x300.jpeg 400w, https:\/\/ceresio5valli.it\/wp-content\/uploads\/2026\/01\/foresta-valsolda-hero-800x600.jpeg 800w\" sizes=\"(max-width: 1024px) 100vw, 1024px\" \/><figcaption>La for\u00eat r\u00e9gionale de Valsolda, un environnement quasi alpin au-dessus du lac<\/figcaption><\/figure>\n\n\n\n<p>Pour ceux qui recherchent la nature la plus sauvage, le <a href=\"\/fr\/poi\/foresta-regionale-valsolda\/\">For\u00eat r\u00e9gionale de Valsolda<\/a> C&#039;est une vaste zone bois\u00e9e qui s&#039;\u00e9tend sur les montagnes surplombant le lac. H\u00eatres, sapins et m\u00e9l\u00e8zes cr\u00e9ent une atmosph\u00e8re presque alpine \u00e0 deux pas du rivage. Plusieurs sentiers la sillonnent. <a href=\"\/fr\/percorsi\/foresta-regionale-valsolda\/\">chemin principal<\/a> (8 km, difficult\u00e9 moyenne, 4 \u00e0 5 heures) jusqu&#039;aux randonn\u00e9es plus courtes. En automne, les couleurs du feuillage y sont extraordinaires.<\/p>\n\n\n\n<h3 class=\"wp-block-heading\">10. Parc Valsanagra<\/h3>\n\n\n\n<figure class=\"wp-block-image size-large\" style=\"max-height:450px;overflow:hidden\"><img loading=\"lazy\" decoding=\"async\" width=\"1400\" height=\"650\" src=\"https:\/\/ceresio5valli.it\/wp-content\/uploads\/2026\/01\/parco-valsanagra-hero.jpg\" alt=\"Parco Valsanagra, area naturale tra Porlezza e Menaggio\" class=\"wp-image-215\" style=\"width:100%;height:450px;object-fit:cover\" srcset=\"https:\/\/ceresio5valli.it\/wp-content\/uploads\/2026\/01\/parco-valsanagra-hero.jpg 1400w, https:\/\/ceresio5valli.it\/wp-content\/uploads\/2026\/01\/parco-valsanagra-hero-300x139.jpg 300w, https:\/\/ceresio5valli.it\/wp-content\/uploads\/2026\/01\/parco-valsanagra-hero-1024x475.jpg 1024w, https:\/\/ceresio5valli.it\/wp-content\/uploads\/2026\/01\/parco-valsanagra-hero-768x357.jpg 768w\" sizes=\"(max-width: 1400px) 100vw, 1400px\" \/><figcaption>Parc Valsanagra, une vall\u00e9e sauvage entre Porlezza et Menaggio<\/figcaption><\/figure>\n\n\n\n<p>Entre Porlezza et Menaggio se trouve le <a href=\"\/fr\/poi\/parco-valsanagra\/\">Parc Valsanagra<\/a>, Valsanagra est une zone naturelle o\u00f9 le torrent Sanagra a creus\u00e9 une vall\u00e9e sauvage avec un d\u00e9nivel\u00e9 de pr\u00e8s de 2\u00a0000 m\u00e8tres. On y trouve des for\u00eats de ch\u00eanes, des prairies alpines et un site fossilif\u00e8re d&#039;importance nationale\u00a0: des restes v\u00e9g\u00e9taux vieux de plus de 310 millions d&#039;ann\u00e9es y ont \u00e9t\u00e9 d\u00e9couverts, les plus anciens fossiles de la province de C\u00f4me. L&#039;\u00e9comus\u00e9e de Valsanagra relie le parc au mus\u00e9e ethnographique voisin.<\/p>\n\n\n\n<h2 class=\"wp-block-heading\" style=\"color:#27ae60\">Mus\u00e9es et culture locale<\/h2>\n\n\n\n<h3 class=\"wp-block-heading\">11. Mus\u00e9e ethnographique naturaliste de Valsanagra<\/h3>\n\n\n\n<figure class=\"wp-block-image size-large\" style=\"max-height:450px;overflow:hidden\"><img loading=\"lazy\" decoding=\"async\" width=\"1400\" height=\"650\" src=\"https:\/\/ceresio5valli.it\/wp-content\/uploads\/2026\/01\/museo-valsanagra-hero.jpg\" alt=\"Museo Etnografico Naturalistico Valsanagra a Grandola ed Uniti\" class=\"wp-image-226\" style=\"width:100%;height:450px;object-fit:cover\" srcset=\"https:\/\/ceresio5valli.it\/wp-content\/uploads\/2026\/01\/museo-valsanagra-hero.jpg 1400w, https:\/\/ceresio5valli.it\/wp-content\/uploads\/2026\/01\/museo-valsanagra-hero-300x139.jpg 300w, https:\/\/ceresio5valli.it\/wp-content\/uploads\/2026\/01\/museo-valsanagra-hero-1024x475.jpg 1024w, https:\/\/ceresio5valli.it\/wp-content\/uploads\/2026\/01\/museo-valsanagra-hero-768x357.jpg 768w\" sizes=\"(max-width: 1400px) 100vw, 1400px\" \/><figcaption>Le Mus\u00e9e Valsanagra dans la splendide Villa Camozzi<\/figcaption><\/figure>\n\n\n\n<p>Install\u00e9 dans la splendide Villa Camozzi, le <a href=\"\/fr\/poi\/museo-etnografico-naturalistico-valsanagra\/\">Mus\u00e9e de Valsanagra<\/a> \u00c0 Grandola ed Uniti, le mus\u00e9e rassemble l&#039;histoire de la r\u00e9gion dans sept salles d&#039;exposition\u00a0: des fossiles vieux de 310 millions d&#039;ann\u00e9es aux reconstitutions d&#039;habitats naturels, des champignons lyophilis\u00e9s aux instruments de la fanfare locale. La salle de pal\u00e9ontologie, qui pr\u00e9sente des d\u00e9couvertes uniques en Lombardie provenant des gisements de charbon du Val Gariasca, est incontournable.<\/p>\n\n\n\n<h3 class=\"wp-block-heading\">12. Mus\u00e9e de la Vall\u00e9e<\/h3>\n\n\n\n<figure class=\"wp-block-image size-large\" style=\"max-height:450px;overflow:hidden\"><img loading=\"lazy\" decoding=\"async\" width=\"1920\" height=\"1280\" src=\"https:\/\/ceresio5valli.it\/wp-content\/uploads\/2026\/02\/museo-valle-hero.jpg\" alt=\"Museo della Valle in Val Cavargna\" class=\"wp-image-397\" style=\"width:100%;height:450px;object-fit:cover\" srcset=\"https:\/\/ceresio5valli.it\/wp-content\/uploads\/2026\/02\/museo-valle-hero.jpg 1920w, https:\/\/ceresio5valli.it\/wp-content\/uploads\/2026\/02\/museo-valle-hero-300x200.jpg 300w, https:\/\/ceresio5valli.it\/wp-content\/uploads\/2026\/02\/museo-valle-hero-1024x683.jpg 1024w, https:\/\/ceresio5valli.it\/wp-content\/uploads\/2026\/02\/museo-valle-hero-768x512.jpg 768w, https:\/\/ceresio5valli.it\/wp-content\/uploads\/2026\/02\/museo-valle-hero-1536x1024.jpg 1536w\" sizes=\"(max-width: 1920px) 100vw, 1920px\" \/><figcaption>Le mus\u00e9e de la vall\u00e9e raconte l&#039;histoire de la vie montagnarde dans la vall\u00e9e de Cavargna.<\/figcaption><\/figure>\n\n\n\n<p>Dans le Val Cavargna, le <a href=\"\/fr\/poi\/museo-della-valle\/\">Mus\u00e9e de la vall\u00e9e<\/a> Ce site retrace la vie d&#039;une communaut\u00e9 montagnarde rest\u00e9e isol\u00e9e jusqu&#039;en 1953. Fond\u00e9 par Don Federico Scanziani, il documente les m\u00e9tiers traditionnels des forgerons (ferblantiers et chaudronniers), le travail du bois, l&#039;\u00e9levage alpin et la religiosit\u00e9 locale. Des visites p\u00e9dagogiques sont propos\u00e9es aux \u00e9coles, incluant la visite de la mine de Mezzano. Une immersion authentique dans la vie montagnarde ancestrale.<\/p>\n\n\n\n<h3 class=\"wp-block-heading\">13. Mus\u00e9e de la Maison Pagani<\/h3>\n\n\n\n<figure class=\"wp-block-image size-large\" style=\"max-height:450px;overflow:hidden\"><img loading=\"lazy\" decoding=\"async\" width=\"1400\" height=\"650\" src=\"https:\/\/ceresio5valli.it\/wp-content\/uploads\/2026\/01\/museo-casa-pagani-hero.jpg\" alt=\"Museo Casa Pagani a Valsolda\" class=\"wp-image-193\" style=\"width:100%;height:450px;object-fit:cover\" srcset=\"https:\/\/ceresio5valli.it\/wp-content\/uploads\/2026\/01\/museo-casa-pagani-hero.jpg 1400w, https:\/\/ceresio5valli.it\/wp-content\/uploads\/2026\/01\/museo-casa-pagani-hero-300x139.jpg 300w, https:\/\/ceresio5valli.it\/wp-content\/uploads\/2026\/01\/museo-casa-pagani-hero-1024x475.jpg 1024w, https:\/\/ceresio5valli.it\/wp-content\/uploads\/2026\/01\/museo-casa-pagani-hero-768x357.jpg 768w\" sizes=\"(max-width: 1400px) 100vw, 1400px\" \/><figcaption>Mus\u00e9e Casa Pagani : Art et Histoire \u00e0 Valsolda<\/figcaption><\/figure>\n\n\n\n<p>\u00c0 Valsolda, le <a href=\"\/fr\/poi\/museo-casa-pagani\/\">Mus\u00e9e de la maison Pagani<\/a> Il offre un aper\u00e7u intime de la vie et de la culture locales \u00e0 travers une collection allant de l&#039;art \u00e0 l&#039;histoire locale. Un petit mus\u00e9e qui m\u00e9rite une visite lors de votre d\u00e9couverte des villages de Valsolda.<\/p>\n\n\n\n<h2 class=\"wp-block-heading\" style=\"color:#27ae60\">itin\u00e9raires et promenades pittoresques<\/h2>\n\n\n\n<h3 class=\"wp-block-heading\">14. Piste cyclable\/pi\u00e9tonne Porlezza-Menaggio<\/h3>\n\n\n\n<div class=\"wp-block-columns is-layout-flex wp-container-core-columns-is-layout-28f84493 wp-block-columns-is-layout-flex\">\n\n<div class=\"wp-block-column is-layout-flow wp-block-column-is-layout-flow\" style=\"flex-basis:40%\">\n\n<figure class=\"wp-block-image size-large\"><img loading=\"lazy\" decoding=\"async\" width=\"1200\" height=\"1600\" src=\"https:\/\/ceresio5valli.it\/wp-content\/uploads\/2026\/02\/ciclopedonale-porlezza-menaggio-hero.jpeg\" alt=\"Percorso ciclopedonale Porlezza-Menaggio tra Lago Ceresio e Lago di Como\" class=\"wp-image-815\" style=\"border-radius:12px\" srcset=\"https:\/\/ceresio5valli.it\/wp-content\/uploads\/2026\/02\/ciclopedonale-porlezza-menaggio-hero.jpeg 1200w, https:\/\/ceresio5valli.it\/wp-content\/uploads\/2026\/02\/ciclopedonale-porlezza-menaggio-hero-225x300.jpeg 225w, https:\/\/ceresio5valli.it\/wp-content\/uploads\/2026\/02\/ciclopedonale-porlezza-menaggio-hero-768x1024.jpeg 768w, https:\/\/ceresio5valli.it\/wp-content\/uploads\/2026\/02\/ciclopedonale-porlezza-menaggio-hero-1152x1536.jpeg 1152w\" sizes=\"(max-width: 1200px) 100vw, 1200px\" \/><figcaption>La piste cyclable\/pi\u00e9tonne Porlezza-Menaggio<\/figcaption><\/figure>\n\n<\/div>\n\n\n<div class=\"wp-block-column is-layout-flow wp-block-column-is-layout-flow\" style=\"flex-basis:60%\">\n\n<p>Le <a href=\"\/fr\/percorsi\/percorso-ciclopedonale-porlezza-menaggio\/\">Piste cyclable\/pi\u00e9tonne Porlezza-Menaggio<\/a> C&#039;est sans doute la randonn\u00e9e la plus populaire de la r\u00e9gion\u00a0: un parcours de 13,6\u00a0km reliant le lac Ceresio au lac de C\u00f4me, en traversant la r\u00e9serve naturelle du lac de Piano. Facile et sans d\u00e9nivel\u00e9, elle se parcourt en un peu plus d&#039;une heure \u00e0 v\u00e9lo ou en trois heures \u00e0 pied.<\/p>\n\n\n<p>Tout au long du parcours, vous traverserez des paysages sans cesse changeants\u00a0: lacs, zones humides, for\u00eats, prairies. Id\u00e9al pour les familles et parfait en toute saison.<\/p>\n\n<\/div>\n\n<\/div>\n\n\n\n<h3 class=\"wp-block-heading\">15. Promenade des 9 clochers<\/h3>\n\n\n\n<div class=\"wp-block-columns is-layout-flex wp-container-core-columns-is-layout-28f84493 wp-block-columns-is-layout-flex\">\n\n<div class=\"wp-block-column is-layout-flow wp-block-column-is-layout-flow\" style=\"flex-basis:40%\">\n\n<figure class=\"wp-block-image size-large\"><img loading=\"lazy\" decoding=\"async\" width=\"1200\" height=\"1600\" src=\"https:\/\/ceresio5valli.it\/wp-content\/uploads\/2026\/02\/9-campanili-hero.jpeg\" alt=\"Camminata dei 9 Campanili a Porlezza, Lago Ceresio\" class=\"wp-image-778\" style=\"border-radius:12px\" srcset=\"https:\/\/ceresio5valli.it\/wp-content\/uploads\/2026\/02\/9-campanili-hero.jpeg 1200w, https:\/\/ceresio5valli.it\/wp-content\/uploads\/2026\/02\/9-campanili-hero-225x300.jpeg 225w, https:\/\/ceresio5valli.it\/wp-content\/uploads\/2026\/02\/9-campanili-hero-768x1024.jpeg 768w, https:\/\/ceresio5valli.it\/wp-content\/uploads\/2026\/02\/9-campanili-hero-1152x1536.jpeg 1152w\" sizes=\"(max-width: 1200px) 100vw, 1200px\" \/><figcaption>La Promenade des 9 Cloches<\/figcaption><\/figure>\n\n<\/div>\n\n\n<div class=\"wp-block-column is-layout-flow wp-block-column-is-layout-flow\" style=\"flex-basis:60%\">\n\n<p>La <a href=\"\/fr\/percorsi\/camminata-dei-9-campanili\/\">Promenade des 9 clochers<\/a> Il s&#039;agit d&#039;un circuit de 8,5 km qui traverse les hameaux historiques autour de Porlezza, en passant devant neuf clochers qui rythment la vie locale.<\/p>\n\n\n<p>Facile et accessible \u00e0 tous (environ 2h30), cette excursion offre des vues sur le lac et un aper\u00e7u de la vie des petits villages autour de Porlezza. Une fa\u00e7on id\u00e9ale de d\u00e9couvrir la r\u00e9gion \u00e0 son rythme.<\/p>\n\n<\/div>\n\n<\/div>\n\n\n\n<h2 class=\"wp-block-heading\" style=\"color:#27ae60\">Comment organiser la visite<\/h2>\n\n\n\n<p>Avec 15 <strong>lieux \u00e0 visiter \u00e0 Porlezza<\/strong> Pour profiter pleinement de la r\u00e9gion et de ses environs, il vous faudra au moins 3 \u00e0 4 jours. Nous vous recommandons de consacrer une journ\u00e9e aux villages et aux \u00e9glises (Claino, San Vittore, Valsolda), une autre \u00e0 la nature (grottes de Rescia, r\u00e9serve du lac Piano, sentier p\u00e9destre\/cyclable) et une derni\u00e8re aux mus\u00e9es et \u00e0 la for\u00eat de Valsolda.<\/p>\n\n\n\n<p>Pour <strong>dormir<\/strong>, la r\u00e9gion propose diff\u00e9rentes solutions pour tous les budgets : de\u2019<a href=\"\/fr\/strutture\/hotel-europa\/\">H\u00f4tel Europa<\/a> directement au bord du lac Porlezza \u00e0 <a href=\"\/fr\/strutture\/bb-sul-lago\/\">Chambres d&#039;h\u00f4tes au bord du lac<\/a> pour un s\u00e9jour plus intime, jusqu&#039;\u00e0 <a href=\"\/fr\/strutture\/camping-ranocchio\/\">Grenouille campeuse<\/a> pour ceux qui pr\u00e9f\u00e8rent \u00eatre au contact de la nature.<\/p>\n\n\n\n<p>Pour <strong>manger<\/strong>, ne manquez pas le <a href=\"\/fr\/ristoranti\/il-crotto-del-lago\/\">Crotto del Lago<\/a> pour la cuisine traditionnelle, <a href=\"\/fr\/ristoranti\/vinile-wine-food\/\">Vinyle Vin &amp; Gastronomie<\/a> pour une soir\u00e9e plus sophistiqu\u00e9e, ou le\u2019<a href=\"\/fr\/ristoranti\/osteria-la-lanterna\/\">L&#039;auberge La Lanterna<\/a> dans la charmante Valsolda. En \u00e9t\u00e9, une glace de <a href=\"\/fr\/ristoranti\/visconti-gelati\/\">Cr\u00e8me glac\u00e9e Visconti<\/a> Au bord du lac, c&#039;est un incontournable.<\/p>\n\n\n\n<p>Porlezza et le lac Ceresio n&#039;ont pas encore la renomm\u00e9e du lac de C\u00f4me voisin, et c&#039;est pr\u00e9cis\u00e9ment ce qui fait leur charme\u00a0: ici, vous vivrez une exp\u00e9rience authentique et \u00e0 taille humaine, o\u00f9 chaque recoin raconte une histoire. Bonne d\u00e9couverte\u00a0!.<\/p>\n\n\n\n<div class=\"wp-block-buttons is-content-justification-center is-layout-flex wp-container-core-buttons-is-layout-a89b3969 wp-block-buttons-is-layout-flex\">\n\n<div class=\"wp-block-button\"><a class=\"wp-block-button__link has-vivid-cyan-blue-background-color has-background wp-element-button\" href=\"https:\/\/ceresio5valli.it\/fr\/la-destinazione\/\" style=\"border-radius:8px;padding-top:14px;padding-right:32px;padding-bottom:14px;padding-left:32px;background-color:#1B4F72\">D\u00e9couvrez la destination dans son int\u00e9gralit\u00e9<\/a><\/div>\n\n<\/div>","protected":false},"excerpt":{"rendered":"<p>Il existe un coin de Lombardie o\u00f9 le lac se niche entre les montagnes et o\u00f9 le temps semble s&#039;arr\u00eater. Porlezza et\u2026<\/p>","protected":false},"author":0,"featured_media":815,"comment_status":"open","ping_status":"open","sticky":false,"template":"","format":"standard","meta":{"footnotes":""},"categories":[75],"tags":[],"class_list":["post-11454","post","type-post","status-publish","format-standard","has-post-thumbnail","hentry","category-cosa-vedere"],"_links":{"self":[{"href":"https:\/\/ceresio5valli.it\/fr\/wp-json\/wp\/v2\/posts\/11454","targetHints":{"allow":["GET"]}}],"collection":[{"href":"https:\/\/ceresio5valli.it\/fr\/wp-json\/wp\/v2\/posts"}],"about":[{"href":"https:\/\/ceresio5valli.it\/fr\/wp-json\/wp\/v2\/types\/post"}],"replies":[{"embeddable":true,"href":"https:\/\/ceresio5valli.it\/fr\/wp-json\/wp\/v2\/comments?post=11454"}],"version-history":[{"count":0,"href":"https:\/\/ceresio5valli.it\/fr\/wp-json\/wp\/v2\/posts\/11454\/revisions"}],"wp:featuredmedia":[{"embeddable":true,"href":"https:\/\/ceresio5valli.it\/fr\/wp-json\/wp\/v2\/media\/815"}],"wp:attachment":[{"href":"https:\/\/ceresio5valli.it\/fr\/wp-json\/wp\/v2\/media?parent=11454"}],"wp:term":[{"taxonomy":"category","embeddable":true,"href":"https:\/\/ceresio5valli.it\/fr\/wp-json\/wp\/v2\/categories?post=11454"},{"taxonomy":"post_tag","embeddable":true,"href":"https:\/\/ceresio5valli.it\/fr\/wp-json\/wp\/v2\/tags?post=11454"}],"curies":[{"name":"wp","href":"https:\/\/api.w.org\/{rel}","templated":true}]}}